{"id":8844,"date":"2026-04-27T16:12:21","date_gmt":"2026-04-27T20:12:21","guid":{"rendered":"https:\/\/www.mersanlaw.com\/?p=8844"},"modified":"2026-04-27T16:13:28","modified_gmt":"2026-04-27T20:13:28","slug":"tomas-mersan-y-federico-martinez-participaran-en-ifa-2026","status":"publish","type":"post","link":"https:\/\/www.mersanlaw.com\/en\/novedades\/tomas-mersan-y-federico-martinez-participaran-en-ifa-2026\/","title":{"rendered":"Tom\u00e1s Mers\u00e1n and Federico Mart\u00ednez will participate in IFA 2026"},"content":{"rendered":"<div data-elementor-type=\"wp-post\" data-elementor-id=\"8844\" class=\"elementor elementor-8844\" data-elementor-post-type=\"post\">\n\t\t\t\t<div class=\"elementor-element elementor-element-1f49a510 e-flex e-con-boxed e-con e-parent\" data-id=\"1f49a510\" data-element_type=\"container\" data-e-type=\"container\">\n\t\t\t\t\t<div class=\"e-con-inner\">\n\t\t\t\t<div class=\"elementor-element elementor-element-1e1eb921 elementor-widget elementor-widget-text-editor\" data-id=\"1e1eb921\" data-element_type=\"widget\" data-e-type=\"widget\" data-widget_type=\"text-editor.default\">\n\t\t\t\t<div class=\"elementor-widget-container\">\n\t\t\t\t\t\t\t\t\t<p><span style=\"font-weight: 400;\">We are pleased to share that our partner <strong>Tom\u00e1s Mers\u00e1n<\/strong> y asociado senior, <strong>Federico Mart\u00ednez<\/strong>, participar\u00e1n en el <strong>IFA LATAM Antigua 2026<\/strong>, uno de los principales encuentros de la regi\u00f3n en materia tributaria, organizado por la International Fiscal Association.<\/span><\/p><p><span style=\"font-weight: 400;\">Este espacio re\u00fane a destacados profesionales para analizar los desaf\u00edos actuales del derecho fiscal internacional, promoviendo el di\u00e1logo y la actualizaci\u00f3n constante en un entorno global cada vez m\u00e1s din\u00e1mico.<\/span><\/p><p><span style=\"font-weight: 400;\">In <strong>MERSAN<\/strong>, reafirmamos nuestro compromiso con la excelencia t\u00e9cnica y la participaci\u00f3n activa en foros de relevancia internacional, fortaleciendo as\u00ed nuestra capacidad de brindar asesoramiento estrat\u00e9gico a nuestros clientes.<\/span><\/p>\t\t\t\t\t\t\t\t<\/div>\n\t\t\t\t<\/div>\n\t\t\t\t\t<\/div>\n\t\t\t\t<\/div>\n\t\t\t\t<\/div>","protected":false},"excerpt":{"rendered":"<p>We are pleased to announce that our partner, Tom\u00e1s Mers\u00e1n, and senior associate, Federico Mart\u00ednez, will participate in IFA LATAM Antigua 2026, one of the region\u2019s leading tax conferences, organized by the International Fiscal Association. This event brings together leading professionals to analyze current challenges in international tax law and promote dialogue\u2026<\/p>","protected":false},"author":3,"featured_media":8845,"comment_status":"closed","ping_status":"closed","sticky":false,"template":"elementor_theme","format":"standard","meta":{"_kad_post_transparent":"","_kad_post_title":"","_kad_post_layout":"","_kad_post_sidebar_id":"","_kad_post_content_style":"","_kad_post_vertical_padding":"","_kad_post_feature":"","_kad_post_feature_position":"","_kad_post_header":false,"_kad_post_footer":false,"_kad_post_classname":"","footnotes":""},"categories":[12],"tags":[638,685,98,99,108],"class_list":["post-8844","post","type-post","status-publish","format-standard","has-post-thumbnail","hentry","category-novedades","tag-ifa-2026","tag-federico-martinez-3","tag-mersan-2","tag-paraguay-2","tag-tomas-mersan"],"_links":{"self":[{"href":"https:\/\/www.mersanlaw.com\/en\/wp-json\/wp\/v2\/posts\/8844","targetHints":{"allow":["GET"]}}],"collection":[{"href":"https:\/\/www.mersanlaw.com\/en\/wp-json\/wp\/v2\/posts"}],"about":[{"href":"https:\/\/www.mersanlaw.com\/en\/wp-json\/wp\/v2\/types\/post"}],"author":[{"embeddable":true,"href":"https:\/\/www.mersanlaw.com\/en\/wp-json\/wp\/v2\/users\/3"}],"replies":[{"embeddable":true,"href":"https:\/\/www.mersanlaw.com\/en\/wp-json\/wp\/v2\/comments?post=8844"}],"version-history":[{"count":4,"href":"https:\/\/www.mersanlaw.com\/en\/wp-json\/wp\/v2\/posts\/8844\/revisions"}],"predecessor-version":[{"id":8849,"href":"https:\/\/www.mersanlaw.com\/en\/wp-json\/wp\/v2\/posts\/8844\/revisions\/8849"}],"wp:featuredmedia":[{"embeddable":true,"href":"https:\/\/www.mersanlaw.com\/en\/wp-json\/wp\/v2\/media\/8845"}],"wp:attachment":[{"href":"https:\/\/www.mersanlaw.com\/en\/wp-json\/wp\/v2\/media?parent=8844"}],"wp:term":[{"taxonomy":"category","embeddable":true,"href":"https:\/\/www.mersanlaw.com\/en\/wp-json\/wp\/v2\/categories?post=8844"},{"taxonomy":"post_tag","embeddable":true,"href":"https:\/\/www.mersanlaw.com\/en\/wp-json\/wp\/v2\/tags?post=8844"}],"curies":[{"name":"wp","href":"https:\/\/api.w.org\/{rel}","templated":true}]}}