{"id":7547,"date":"2025-08-22T01:48:35","date_gmt":"2025-08-22T05:48:35","guid":{"rendered":"https:\/\/www.mersanlaw.com\/?p=7547"},"modified":"2025-08-28T01:53:04","modified_gmt":"2025-08-28T05:53:04","slug":"modernizacion-de-las-normativas-laborales-un-paso-hacia-la-eficiencia","status":"publish","type":"post","link":"https:\/\/www.mersanlaw.com\/pt\/novedades\/modernizacion-de-las-normativas-laborales-un-paso-hacia-la-eficiencia\/","title":{"rendered":"Moderniza\u00e7\u00e3o da legisla\u00e7\u00e3o trabalhista: um passo em dire\u00e7\u00e3o \u00e0 efici\u00eancia"},"content":{"rendered":"<div data-elementor-type=\"wp-post\" data-elementor-id=\"7547\" class=\"elementor elementor-7547\" data-elementor-post-type=\"post\">\n\t\t\t\t<div class=\"elementor-element elementor-element-1f49a510 e-flex e-con-boxed e-con e-parent\" data-id=\"1f49a510\" data-element_type=\"container\" data-e-type=\"container\">\n\t\t\t\t\t<div class=\"e-con-inner\">\n\t\t\t\t<div class=\"elementor-element elementor-element-1e1eb921 elementor-widget elementor-widget-text-editor\" data-id=\"1e1eb921\" data-element_type=\"widget\" data-e-type=\"widget\" data-widget_type=\"text-editor.default\">\n\t\t\t\t<div class=\"elementor-widget-container\">\n\t\t\t\t\t\t\t\t\t<p>El Ministerio de Trabajo sostuvo una reuni\u00f3n con la Asociaci\u00f3n de Abogados Laboralistas del Paraguay (AAL), en la que particip\u00f3 nuestra asociada senior <a id=\"ember708\" class=\"ember-view\" tabindex=\"0\" href=\"https:\/\/www.mersanlaw.com\/pt\/equipe\/pamela-balbuena\/\"><strong>Pamela Balbuena Rumich<\/strong><\/a>, miembro de AAL, con el objetivo de impulsar la modernizaci\u00f3n de las normativas laborales.<\/p><p>La modernizaci\u00f3n busca fortalecer las relaciones laborales en Paraguay, mediante la implementaci\u00f3n de instrumentos m\u00e1s modernos y eficaces, incluyendo normativas como el Reglamento Interno de Trabajo y procedimientos contra la violencia laboral.<\/p><p>Desde <strong><a class=\"LzZsqtXblfzPiRNDqssaCvPAtRlMCvKzCveU\" tabindex=\"0\" href=\"https:\/\/www.linkedin.com\/company\/mersan-abogados\/\" target=\"_self\" data-test-app-aware-link=\"\">MERSAN<\/a><\/strong>, felicitamos a nuestra asociada senior Pamela Balbuena por representar a nuestra firma en este importante proyecto y por contribuir con su experiencia y conocimientos en la modernizaci\u00f3n de las normativas laborales en Paraguay.<\/p>\t\t\t\t\t\t\t\t<\/div>\n\t\t\t\t<\/div>\n\t\t\t\t\t<\/div>\n\t\t\t\t<\/div>\n\t\t<div class=\"elementor-element elementor-element-3f82448 e-flex e-con-boxed e-con e-parent\" data-id=\"3f82448\" data-element_type=\"container\" data-e-type=\"container\">\n\t\t\t\t\t<div class=\"e-con-inner\">\n\t\t\t\t<div class=\"elementor-element elementor-element-038d94f elementor-widget elementor-widget-image\" data-id=\"038d94f\" data-element_type=\"widget\" data-e-type=\"widget\" data-widget_type=\"image.default\">\n\t\t\t\t<div class=\"elementor-widget-container\">\n\t\t\t\t\t\t\t\t\t\t\t\t\t\t\t<img fetchpriority=\"high\" decoding=\"async\" width=\"800\" height=\"533\" src=\"https:\/\/www.mersanlaw.com\/wp-content\/uploads\/2025\/08\/AAL-y-Ministerio-del-trabajo-avanzan-en-reformas-laborales.jpg\" class=\"attachment-large size-large wp-image-7549\" alt=\"\" srcset=\"https:\/\/www.mersanlaw.com\/wp-content\/uploads\/2025\/08\/AAL-y-Ministerio-del-trabajo-avanzan-en-reformas-laborales.jpg 800w, https:\/\/www.mersanlaw.com\/wp-content\/uploads\/2025\/08\/AAL-y-Ministerio-del-trabajo-avanzan-en-reformas-laborales-300x200.jpg 300w, https:\/\/www.mersanlaw.com\/wp-content\/uploads\/2025\/08\/AAL-y-Ministerio-del-trabajo-avanzan-en-reformas-laborales-768x512.jpg 768w\" sizes=\"(max-width: 800px) 100vw, 800px\" \/>\t\t\t\t\t\t\t\t\t\t\t\t\t\t\t<\/div>\n\t\t\t\t<\/div>\n\t\t\t\t\t<\/div>\n\t\t\t\t<\/div>\n\t\t\t\t<\/div>","protected":false},"excerpt":{"rendered":"<p>O Minist\u00e9rio do Trabalho realizou uma reuni\u00e3o com a Associa\u00e7\u00e3o de Advogados Trabalhistas do Paraguai (AAL), da qual participou nossa associada s\u00eanior Pamela Balbuena Rumich, membro da AAL, com o objetivo de impulsionar a moderniza\u00e7\u00e3o da legisla\u00e7\u00e3o trabalhista. A moderniza\u00e7\u00e3o visa fortalecer as rela\u00e7\u00f5es de trabalho no Paraguai, por meio da implementa\u00e7\u00e3o de instrumentos mais\u2026<\/p>","protected":false},"author":3,"featured_media":7557,"comment_status":"closed","ping_status":"closed","sticky":false,"template":"elementor_theme","format":"standard","meta":{"_kad_post_transparent":"","_kad_post_title":"","_kad_post_layout":"","_kad_post_sidebar_id":"","_kad_post_content_style":"","_kad_post_vertical_padding":"","_kad_post_feature":"","_kad_post_feature_position":"","_kad_post_header":false,"_kad_post_footer":false,"_kad_post_classname":"","footnotes":""},"categories":[12],"tags":[26,27,35,52,53],"class_list":["post-7547","post","type-post","status-publish","format-standard","has-post-thumbnail","hentry","category-novedades","tag-derecholaboral","tag-paraguay","tag-mersan","tag-eventos","tag-aaln"],"_links":{"self":[{"href":"https:\/\/www.mersanlaw.com\/pt\/wp-json\/wp\/v2\/posts\/7547","targetHints":{"allow":["GET"]}}],"collection":[{"href":"https:\/\/www.mersanlaw.com\/pt\/wp-json\/wp\/v2\/posts"}],"about":[{"href":"https:\/\/www.mersanlaw.com\/pt\/wp-json\/wp\/v2\/types\/post"}],"author":[{"embeddable":true,"href":"https:\/\/www.mersanlaw.com\/pt\/wp-json\/wp\/v2\/users\/3"}],"replies":[{"embeddable":true,"href":"https:\/\/www.mersanlaw.com\/pt\/wp-json\/wp\/v2\/comments?post=7547"}],"version-history":[{"count":0,"href":"https:\/\/www.mersanlaw.com\/pt\/wp-json\/wp\/v2\/posts\/7547\/revisions"}],"wp:featuredmedia":[{"embeddable":true,"href":"https:\/\/www.mersanlaw.com\/pt\/wp-json\/wp\/v2\/media\/7557"}],"wp:attachment":[{"href":"https:\/\/www.mersanlaw.com\/pt\/wp-json\/wp\/v2\/media?parent=7547"}],"wp:term":[{"taxonomy":"category","embeddable":true,"href":"https:\/\/www.mersanlaw.com\/pt\/wp-json\/wp\/v2\/categories?post=7547"},{"taxonomy":"post_tag","embeddable":true,"href":"https:\/\/www.mersanlaw.com\/pt\/wp-json\/wp\/v2\/tags?post=7547"}],"curies":[{"name":"wp","href":"https:\/\/api.w.org\/{rel}","templated":true}]}}