{"id":7888,"date":"2025-10-27T10:16:38","date_gmt":"2025-10-27T14:16:38","guid":{"rendered":"https:\/\/www.mersanlaw.com\/?p=7888"},"modified":"2025-10-27T10:18:37","modified_gmt":"2025-10-27T14:18:37","slug":"mtess-y-aal-socializan-mejorasen-sistema-digital-laboral","status":"publish","type":"post","link":"https:\/\/www.mersanlaw.com\/pt\/novedades\/mtess-y-aal-socializan-mejorasen-sistema-digital-laboral\/","title":{"rendered":"MTESS y AAL socializan\u00a0mejorasen sistema digital laboral"},"content":{"rendered":"<div data-elementor-type=\"wp-post\" data-elementor-id=\"7888\" class=\"elementor elementor-7888\" data-elementor-post-type=\"post\">\n\t\t\t\t<div class=\"elementor-element elementor-element-1f49a510 e-flex e-con-boxed e-con e-parent\" data-id=\"1f49a510\" data-element_type=\"container\" data-e-type=\"container\">\n\t\t\t\t\t<div class=\"e-con-inner\">\n\t\t\t\t<div class=\"elementor-element elementor-element-1e1eb921 elementor-widget elementor-widget-text-editor\" data-id=\"1e1eb921\" data-element_type=\"widget\" data-e-type=\"widget\" data-widget_type=\"text-editor.default\">\n\t\t\t\t<div class=\"elementor-widget-container\">\n\t\t\t\t\t\t\t\t\t<p>O <strong>Minist\u00e9rio do Trabalho, Emprego e Previd\u00eancia Social (MTESS)<\/strong> convocou uma reuni\u00e3o com a <strong>Associa\u00e7\u00e3o de Advogados Trabalhistas do Paraguai (AAL)<\/strong>, da qual participou nossa associada s\u00eanior <a href=\"https:\/\/www.mersanlaw.com\/pt\/equipe\/pamela-balbuena\/\"><strong>Pamela Balbuena Rumich<\/strong><\/a>, membro ativo da AAL.<\/p>\n<p>Durante el encuentro, se presentaron los avances y funcionalidades del nuevo sistema digital para la b\u00fasqueda de resoluciones y sumarios del MTESS. Esta herramienta, parte fundamental del proceso de modernizaci\u00f3n institucional promovido por la actual administraci\u00f3n, se integra al recientemente implementado <strong>Sistema Unificado de Asesoramientos y Denuncias (SUAD)<\/strong>, optimizando la gesti\u00f3n y transparencia de los procesos laborales.<\/p>\n<p>Desde <strong>MERSAN<\/strong>, felicitamos a Pamela por representarnos en esta importante iniciativa que promueve la colaboraci\u00f3n entre sector p\u00fablico y gremio laboral, en beneficio del desarrollo profesional y la mejora continua del sistema.<\/p>\n<p><img fetchpriority=\"high\" decoding=\"async\" class=\"alignnone size-large wp-image-7891\" src=\"https:\/\/www.mersanlaw.com\/wp-content\/uploads\/2025\/10\/WhatsApp-Image-2025-10-27-at-1.10.42-AM-1024x665.jpeg\" alt=\"\" width=\"800\" height=\"520\" srcset=\"https:\/\/www.mersanlaw.com\/wp-content\/uploads\/2025\/10\/WhatsApp-Image-2025-10-27-at-1.10.42-AM-1024x665.jpeg 1024w, https:\/\/www.mersanlaw.com\/wp-content\/uploads\/2025\/10\/WhatsApp-Image-2025-10-27-at-1.10.42-AM-300x195.jpeg 300w, https:\/\/www.mersanlaw.com\/wp-content\/uploads\/2025\/10\/WhatsApp-Image-2025-10-27-at-1.10.42-AM-768x499.jpeg 768w, https:\/\/www.mersanlaw.com\/wp-content\/uploads\/2025\/10\/WhatsApp-Image-2025-10-27-at-1.10.42-AM.jpeg 1290w\" sizes=\"(max-width: 800px) 100vw, 800px\" \/><\/p>\n<p><img decoding=\"async\" class=\"alignnone size-large wp-image-7892\" src=\"https:\/\/www.mersanlaw.com\/wp-content\/uploads\/2025\/10\/WhatsApp-Image-2025-10-27-at-1.28.05-AM-1024x671.jpeg\" alt=\"\" width=\"800\" height=\"524\" srcset=\"https:\/\/www.mersanlaw.com\/wp-content\/uploads\/2025\/10\/WhatsApp-Image-2025-10-27-at-1.28.05-AM-1024x671.jpeg 1024w, https:\/\/www.mersanlaw.com\/wp-content\/uploads\/2025\/10\/WhatsApp-Image-2025-10-27-at-1.28.05-AM-300x197.jpeg 300w, https:\/\/www.mersanlaw.com\/wp-content\/uploads\/2025\/10\/WhatsApp-Image-2025-10-27-at-1.28.05-AM-768x503.jpeg 768w, https:\/\/www.mersanlaw.com\/wp-content\/uploads\/2025\/10\/WhatsApp-Image-2025-10-27-at-1.28.05-AM.jpeg 1290w\" sizes=\"(max-width: 800px) 100vw, 800px\" \/><\/p>\t\t\t\t\t\t\t\t<\/div>\n\t\t\t\t<\/div>\n\t\t\t\t\t<\/div>\n\t\t\t\t<\/div>\n\t\t\t\t<\/div>","protected":false},"excerpt":{"rendered":"<p>El Ministerio de Trabajo, Empleo y Seguridad Social (MTESS) convoc\u00f3 a una reuni\u00f3n con la Asociaci\u00f3n de Abogados Laboralistas del Paraguay (AAL), en la que particip\u00f3 nuestra asociada senior Pamela Balbuena Rumich, miembro activo de la AAL. Durante el encuentro, se presentaron los avances y funcionalidades del nuevo sistema digital para la b\u00fasqueda de resoluciones&#8230;<\/p>","protected":false},"author":3,"featured_media":7889,"comment_status":"closed","ping_status":"closed","sticky":false,"template":"elementor_theme","format":"standard","meta":{"_kad_post_transparent":"","_kad_post_title":"","_kad_post_layout":"","_kad_post_sidebar_id":"","_kad_post_content_style":"","_kad_post_vertical_padding":"","_kad_post_feature":"","_kad_post_feature_position":"","_kad_post_header":false,"_kad_post_footer":false,"_kad_post_classname":"","footnotes":""},"categories":[12],"tags":[146,147,148,98,145],"class_list":["post-7888","post","type-post","status-publish","format-standard","has-post-thumbnail","hentry","category-novedades","tag-aal","tag-asociacion-abogados-laboralistas","tag-pamela-balbuena","tag-mersan-2","tag-mtess"],"_links":{"self":[{"href":"https:\/\/www.mersanlaw.com\/pt\/wp-json\/wp\/v2\/posts\/7888","targetHints":{"allow":["GET"]}}],"collection":[{"href":"https:\/\/www.mersanlaw.com\/pt\/wp-json\/wp\/v2\/posts"}],"about":[{"href":"https:\/\/www.mersanlaw.com\/pt\/wp-json\/wp\/v2\/types\/post"}],"author":[{"embeddable":true,"href":"https:\/\/www.mersanlaw.com\/pt\/wp-json\/wp\/v2\/users\/3"}],"replies":[{"embeddable":true,"href":"https:\/\/www.mersanlaw.com\/pt\/wp-json\/wp\/v2\/comments?post=7888"}],"version-history":[{"count":0,"href":"https:\/\/www.mersanlaw.com\/pt\/wp-json\/wp\/v2\/posts\/7888\/revisions"}],"wp:featuredmedia":[{"embeddable":true,"href":"https:\/\/www.mersanlaw.com\/pt\/wp-json\/wp\/v2\/media\/7889"}],"wp:attachment":[{"href":"https:\/\/www.mersanlaw.com\/pt\/wp-json\/wp\/v2\/media?parent=7888"}],"wp:term":[{"taxonomy":"category","embeddable":true,"href":"https:\/\/www.mersanlaw.com\/pt\/wp-json\/wp\/v2\/categories?post=7888"},{"taxonomy":"post_tag","embeddable":true,"href":"https:\/\/www.mersanlaw.com\/pt\/wp-json\/wp\/v2\/tags?post=7888"}],"curies":[{"name":"wp","href":"https:\/\/api.w.org\/{rel}","templated":true}]}}